{"id":152,"date":"2025-06-15T07:25:05","date_gmt":"2025-06-15T05:25:05","guid":{"rendered":"https:\/\/www.dome-marseille.com\/blog\/?p=152"},"modified":"2025-06-15T07:46:14","modified_gmt":"2025-06-15T05:46:14","slug":"la-fete-de-la-musique-sinvite-sur-le-vieux-port-de-marseille-avec-un-concert-geant-gratuit","status":"publish","type":"post","link":"https:\/\/www.dome-marseille.com\/blog\/2025\/06\/15\/la-fete-de-la-musique-sinvite-sur-le-vieux-port-de-marseille-avec-un-concert-geant-gratuit\/","title":{"rendered":"La F\u00eate de la Musique s\u2019invite sur le Vieux-Port de Marseille avec un concert g\u00e9ant gratuit"},"content":{"rendered":"\n<h2 class=\"wp-block-heading\">Un concert in\u00e9dit sur le Vieux-Port<\/h2>\n\n\n\n<p>Samedi 21 juin 2025, la Ville de Marseille inaugurera pour la premi\u00e8re fois un grand concert gratuit sur le Vieux-Port, marquant le lancement officiel de l&rsquo;\u00c9t\u00e9 Marseillais. D\u00e8s 19 h, la sc\u00e8ne principale s\u2019installera dans un cadre embl\u00e9matique, offrant une vue spectaculaire sur le port et les fa\u00e7ades baign\u00e9es de lumi\u00e8re. Cet \u00e9v\u00e9nement collectif ouvrira l\u2019\u00e9t\u00e9 dans une atmosph\u00e8re conviviale et festive, fid\u00e8le \u00e0 l\u2019esprit populaire de la F\u00eate de la Musique.<\/p>\n\n\n\n<h2 class=\"wp-block-heading\">Une programmation festive et \u00e9clectique<\/h2>\n\n\n\n<p>La soir\u00e9e d\u00e9butera avec un set de DJ Trackworks de 19 h \u00e0 20 h 30, instillant une ambiance \u00e9lectro-groovy pour chauffer la foule. \u00c0 20 h 30, le collectif Maraboutage prendra le relais avec un m\u00e9lange immersif de sonorit\u00e9s afro-\u00e9lectroniques. En point d\u2019orgue, Soolking montera sur sc\u00e8ne \u00e0 22 h, apportant son style entre rap et pop urbaine, reconnu pour enflammer les publics avec ses hits populaires. Ce trio d\u2019artistes propose une progression musicale pens\u00e9e pour toucher un large public et offrir une \u00e9nergie montante tout au long de la soir\u00e9e.<\/p>\n\n\n\n<h2 class=\"wp-block-heading\">Un \u00e9v\u00e9nement familial d\u00e8s l\u2019apr\u00e8s-midi<\/h2>\n\n\n\n<p>La f\u00eate commencera d\u00e8s 14 h 30 avec la \u00ab F\u00eate des \u00e9coles \u00bb, un programme destin\u00e9 aux familles et aux enfants. Cet apr\u00e8s-midi comprendra animations, parade th\u00e9matique, concerts d\u2019\u00e9l\u00e8ves, spectacles de bulles g\u00e9antes, kermesse participative et fanfares en d\u00e9ambulation. Des personnalit\u00e9s locales comme Bengous, Paga, Victorien et Candice (issus de la Star Academy) seront \u00e9galement pr\u00e9sentes pour participer \u00e0 l\u2019animation, renfor\u00e7ant la proximit\u00e9 et l\u2019attachement \u00e0 la sc\u00e8ne marseillaise.<\/p>\n\n\n\n<h2 class=\"wp-block-heading\">Le Vieux-Port en sc\u00e8ne : cadre et impact<\/h2>\n\n\n\n<p>Organiser un concert gratuit sur le Vieux-Port repr\u00e9sente un pari strat\u00e9gique pour Marseille : ce lieu symbolique devient un point de convergence musical o\u00f9 l\u2019architecture portuaire se m\u00eale \u00e0 la sc\u00e8ne contemporaine. La perspective du public, positionn\u00e9 entre le quai et les bateaux, cr\u00e9e une exp\u00e9rience immersive unique, renforc\u00e9e par les effets de lumi\u00e8re et les d\u00e9cors naturels. Ce concert aspire \u00e0 devenir un marqueur culturel majeur de l\u2019\u00e9t\u00e9 marseillais.<\/p>\n\n\n\n<h2 class=\"wp-block-heading\">Une soir\u00e9e ext\u00e9rieure pens\u00e9e pour tous<\/h2>\n\n\n\n<p>Cet \u00e9v\u00e9nement gratuit, ouvert \u00e0 toutes et tous, est pens\u00e9 comme un moment inclusif et f\u00e9d\u00e9rateur. Les familles, les touristes, les m\u00e9lomanes ou simplement les passants profiteront d\u2019un moment hors norme, sans contrainte ni barri\u00e8re financi\u00e8re. En misant sur une programmation accessible et incarn\u00e9e, la Ville de Marseille souhaite poser les bases d\u2019une tradition annuelle, o\u00f9 musique, partage et \u00e9motion se retrouveront sur l\u2019un des lieux les plus iconiques de la cit\u00e9 phoc\u00e9enne.<\/p>\n","protected":false},"excerpt":{"rendered":"<p>Un concert in\u00e9dit sur le Vieux-Port Samedi 21 juin 2025, la Ville de Marseille inaugurera pour la premi\u00e8re fois un grand concert gratuit sur le Vieux-Port, marquant le lancement officiel de l&rsquo;\u00c9t\u00e9 Marseillais. D\u00e8s 19 h, la sc\u00e8ne principale s\u2019installera dans un cadre embl\u00e9matique, offrant une vue spectaculaire sur le port et les fa\u00e7ades baign\u00e9es &hellip; <a href=\"https:\/\/www.dome-marseille.com\/blog\/2025\/06\/15\/la-fete-de-la-musique-sinvite-sur-le-vieux-port-de-marseille-avec-un-concert-geant-gratuit\/\" class=\"more-link\">Continuer la lecture de <span class=\"screen-reader-text\">La F\u00eate de la Musique s\u2019invite sur le Vieux-Port de Marseille avec un concert g\u00e9ant gratuit<\/span><\/a><\/p>\n","protected":false},"author":1,"featured_media":153,"comment_status":"open","ping_status":"open","sticky":false,"template":"","format":"standard","meta":{"footnotes":""},"categories":[9],"tags":[],"class_list":["post-152","post","type-post","status-publish","format-standard","has-post-thumbnail","hentry","category-marseille"],"yoast_head":"<!-- This site is optimized with the Yoast SEO plugin v27.5 - https:\/\/yoast.com\/product\/yoast-seo-wordpress\/ -->\n<title>La F\u00eate de la Musique s\u2019invite sur le Vieux-Port de Marseille avec un concert g\u00e9ant gratuit - Le D\u00f4me de Marseille<\/title>\n<meta name=\"robots\" content=\"index, follow, max-snippet:-1, max-image-preview:large, max-video-preview:-1\" \/>\n<link rel=\"canonical\" href=\"https:\/\/www.dome-marseille.com\/blog\/2025\/06\/15\/la-fete-de-la-musique-sinvite-sur-le-vieux-port-de-marseille-avec-un-concert-geant-gratuit\/\" \/>\n<meta property=\"og:locale\" content=\"fr_FR\" \/>\n<meta property=\"og:type\" content=\"article\" \/>\n<meta property=\"og:title\" content=\"La F\u00eate de la Musique s\u2019invite sur le Vieux-Port de Marseille avec un concert g\u00e9ant gratuit - Le D\u00f4me de Marseille\" \/>\n<meta property=\"og:description\" content=\"Un concert in\u00e9dit sur le Vieux-Port Samedi 21 juin 2025, la Ville de Marseille inaugurera pour la premi\u00e8re fois un grand concert gratuit sur le Vieux-Port, marquant le lancement officiel de l&rsquo;\u00c9t\u00e9 Marseillais. D\u00e8s 19 h, la sc\u00e8ne principale s\u2019installera dans un cadre embl\u00e9matique, offrant une vue spectaculaire sur le port et les fa\u00e7ades baign\u00e9es &hellip; Continuer la lecture de La F\u00eate de la Musique s\u2019invite sur le Vieux-Port de Marseille avec un concert g\u00e9ant gratuit\" \/>\n<meta property=\"og:url\" content=\"https:\/\/www.dome-marseille.com\/blog\/2025\/06\/15\/la-fete-de-la-musique-sinvite-sur-le-vieux-port-de-marseille-avec-un-concert-geant-gratuit\/\" \/>\n<meta property=\"og:site_name\" content=\"Le D\u00f4me de Marseille\" \/>\n<meta property=\"article:publisher\" content=\"https:\/\/www.facebook.com\/boursedutravail\" \/>\n<meta property=\"article:published_time\" content=\"2025-06-15T05:25:05+00:00\" \/>\n<meta property=\"article:modified_time\" content=\"2025-06-15T05:46:14+00:00\" \/>\n<meta property=\"og:image\" content=\"https:\/\/www.dome-marseille.com\/blog\/wp-content\/uploads\/2025\/06\/marseille-7352728_1920.jpg\" \/>\n\t<meta property=\"og:image:width\" content=\"1920\" \/>\n\t<meta property=\"og:image:height\" content=\"1280\" \/>\n\t<meta property=\"og:image:type\" content=\"image\/jpeg\" \/>\n<meta name=\"author\" content=\"Bourse du travail\" \/>\n<meta name=\"twitter:card\" content=\"summary_large_image\" \/>\n<meta name=\"twitter:label1\" content=\"\u00c9crit par\" \/>\n\t<meta name=\"twitter:data1\" content=\"Bourse du travail\" \/>\n\t<meta name=\"twitter:label2\" content=\"Dur\u00e9e de lecture estim\u00e9e\" \/>\n\t<meta name=\"twitter:data2\" content=\"3 minutes\" \/>\n<script type=\"application\/ld+json\" class=\"yoast-schema-graph\">{\"@context\":\"https:\\\/\\\/schema.org\",\"@graph\":[{\"@type\":\"Article\",\"@id\":\"https:\\\/\\\/www.dome-marseille.com\\\/blog\\\/2025\\\/06\\\/15\\\/la-fete-de-la-musique-sinvite-sur-le-vieux-port-de-marseille-avec-un-concert-geant-gratuit\\\/#article\",\"isPartOf\":{\"@id\":\"https:\\\/\\\/www.dome-marseille.com\\\/blog\\\/2025\\\/06\\\/15\\\/la-fete-de-la-musique-sinvite-sur-le-vieux-port-de-marseille-avec-un-concert-geant-gratuit\\\/\"},\"author\":{\"name\":\"Bourse du travail\",\"@id\":\"https:\\\/\\\/www.dome-marseille.com\\\/blog\\\/#\\\/schema\\\/person\\\/9926bb41184b7283fb1ed47808692276\"},\"headline\":\"La F\u00eate de la Musique s\u2019invite sur le Vieux-Port de Marseille avec un concert g\u00e9ant gratuit\",\"datePublished\":\"2025-06-15T05:25:05+00:00\",\"dateModified\":\"2025-06-15T05:46:14+00:00\",\"mainEntityOfPage\":{\"@id\":\"https:\\\/\\\/www.dome-marseille.com\\\/blog\\\/2025\\\/06\\\/15\\\/la-fete-de-la-musique-sinvite-sur-le-vieux-port-de-marseille-avec-un-concert-geant-gratuit\\\/\"},\"wordCount\":473,\"commentCount\":0,\"publisher\":{\"@id\":\"https:\\\/\\\/www.dome-marseille.com\\\/blog\\\/#organization\"},\"image\":{\"@id\":\"https:\\\/\\\/www.dome-marseille.com\\\/blog\\\/2025\\\/06\\\/15\\\/la-fete-de-la-musique-sinvite-sur-le-vieux-port-de-marseille-avec-un-concert-geant-gratuit\\\/#primaryimage\"},\"thumbnailUrl\":\"https:\\\/\\\/www.dome-marseille.com\\\/blog\\\/wp-content\\\/uploads\\\/2025\\\/06\\\/marseille-7352728_1920.jpg\",\"articleSection\":[\"Marseille\"],\"inLanguage\":\"fr-FR\",\"potentialAction\":[{\"@type\":\"CommentAction\",\"name\":\"Comment\",\"target\":[\"https:\\\/\\\/www.dome-marseille.com\\\/blog\\\/2025\\\/06\\\/15\\\/la-fete-de-la-musique-sinvite-sur-le-vieux-port-de-marseille-avec-un-concert-geant-gratuit\\\/#respond\"]}]},{\"@type\":\"WebPage\",\"@id\":\"https:\\\/\\\/www.dome-marseille.com\\\/blog\\\/2025\\\/06\\\/15\\\/la-fete-de-la-musique-sinvite-sur-le-vieux-port-de-marseille-avec-un-concert-geant-gratuit\\\/\",\"url\":\"https:\\\/\\\/www.dome-marseille.com\\\/blog\\\/2025\\\/06\\\/15\\\/la-fete-de-la-musique-sinvite-sur-le-vieux-port-de-marseille-avec-un-concert-geant-gratuit\\\/\",\"name\":\"La F\u00eate de la Musique s\u2019invite sur le Vieux-Port de Marseille avec un concert g\u00e9ant gratuit - Le D\u00f4me de Marseille\",\"isPartOf\":{\"@id\":\"https:\\\/\\\/www.dome-marseille.com\\\/blog\\\/#website\"},\"primaryImageOfPage\":{\"@id\":\"https:\\\/\\\/www.dome-marseille.com\\\/blog\\\/2025\\\/06\\\/15\\\/la-fete-de-la-musique-sinvite-sur-le-vieux-port-de-marseille-avec-un-concert-geant-gratuit\\\/#primaryimage\"},\"image\":{\"@id\":\"https:\\\/\\\/www.dome-marseille.com\\\/blog\\\/2025\\\/06\\\/15\\\/la-fete-de-la-musique-sinvite-sur-le-vieux-port-de-marseille-avec-un-concert-geant-gratuit\\\/#primaryimage\"},\"thumbnailUrl\":\"https:\\\/\\\/www.dome-marseille.com\\\/blog\\\/wp-content\\\/uploads\\\/2025\\\/06\\\/marseille-7352728_1920.jpg\",\"datePublished\":\"2025-06-15T05:25:05+00:00\",\"dateModified\":\"2025-06-15T05:46:14+00:00\",\"breadcrumb\":{\"@id\":\"https:\\\/\\\/www.dome-marseille.com\\\/blog\\\/2025\\\/06\\\/15\\\/la-fete-de-la-musique-sinvite-sur-le-vieux-port-de-marseille-avec-un-concert-geant-gratuit\\\/#breadcrumb\"},\"inLanguage\":\"fr-FR\",\"potentialAction\":[{\"@type\":\"ReadAction\",\"target\":[\"https:\\\/\\\/www.dome-marseille.com\\\/blog\\\/2025\\\/06\\\/15\\\/la-fete-de-la-musique-sinvite-sur-le-vieux-port-de-marseille-avec-un-concert-geant-gratuit\\\/\"]}]},{\"@type\":\"ImageObject\",\"inLanguage\":\"fr-FR\",\"@id\":\"https:\\\/\\\/www.dome-marseille.com\\\/blog\\\/2025\\\/06\\\/15\\\/la-fete-de-la-musique-sinvite-sur-le-vieux-port-de-marseille-avec-un-concert-geant-gratuit\\\/#primaryimage\",\"url\":\"https:\\\/\\\/www.dome-marseille.com\\\/blog\\\/wp-content\\\/uploads\\\/2025\\\/06\\\/marseille-7352728_1920.jpg\",\"contentUrl\":\"https:\\\/\\\/www.dome-marseille.com\\\/blog\\\/wp-content\\\/uploads\\\/2025\\\/06\\\/marseille-7352728_1920.jpg\",\"width\":1920,\"height\":1280},{\"@type\":\"BreadcrumbList\",\"@id\":\"https:\\\/\\\/www.dome-marseille.com\\\/blog\\\/2025\\\/06\\\/15\\\/la-fete-de-la-musique-sinvite-sur-le-vieux-port-de-marseille-avec-un-concert-geant-gratuit\\\/#breadcrumb\",\"itemListElement\":[{\"@type\":\"ListItem\",\"position\":1,\"name\":\"Accueil\",\"item\":\"https:\\\/\\\/www.dome-marseille.com\\\/blog\\\/\"},{\"@type\":\"ListItem\",\"position\":2,\"name\":\"La F\u00eate de la Musique s\u2019invite sur le Vieux-Port de Marseille avec un concert g\u00e9ant gratuit\"}]},{\"@type\":\"WebSite\",\"@id\":\"https:\\\/\\\/www.dome-marseille.com\\\/blog\\\/#website\",\"url\":\"https:\\\/\\\/www.dome-marseille.com\\\/blog\\\/\",\"name\":\"Bourse du travail\",\"description\":\"Le blog Concerts et Musiques\",\"publisher\":{\"@id\":\"https:\\\/\\\/www.dome-marseille.com\\\/blog\\\/#organization\"},\"potentialAction\":[{\"@type\":\"SearchAction\",\"target\":{\"@type\":\"EntryPoint\",\"urlTemplate\":\"https:\\\/\\\/www.dome-marseille.com\\\/blog\\\/?s={search_term_string}\"},\"query-input\":{\"@type\":\"PropertyValueSpecification\",\"valueRequired\":true,\"valueName\":\"search_term_string\"}}],\"inLanguage\":\"fr-FR\"},{\"@type\":\"Organization\",\"@id\":\"https:\\\/\\\/www.dome-marseille.com\\\/blog\\\/#organization\",\"name\":\"Bourse du travail\",\"url\":\"https:\\\/\\\/www.dome-marseille.com\\\/blog\\\/\",\"logo\":{\"@type\":\"ImageObject\",\"inLanguage\":\"fr-FR\",\"@id\":\"https:\\\/\\\/www.dome-marseille.com\\\/blog\\\/#\\\/schema\\\/logo\\\/image\\\/\",\"url\":\"https:\\\/\\\/www.bourse-du-travail.com\\\/blog\\\/wp-content\\\/uploads\\\/2017\\\/04\\\/cropped-bourse-du-travail-2.jpg\",\"contentUrl\":\"https:\\\/\\\/www.bourse-du-travail.com\\\/blog\\\/wp-content\\\/uploads\\\/2017\\\/04\\\/cropped-bourse-du-travail-2.jpg\",\"width\":248,\"height\":248,\"caption\":\"Bourse du travail\"},\"image\":{\"@id\":\"https:\\\/\\\/www.dome-marseille.com\\\/blog\\\/#\\\/schema\\\/logo\\\/image\\\/\"},\"sameAs\":[\"https:\\\/\\\/www.facebook.com\\\/boursedutravail\"]},{\"@type\":\"Person\",\"@id\":\"https:\\\/\\\/www.dome-marseille.com\\\/blog\\\/#\\\/schema\\\/person\\\/9926bb41184b7283fb1ed47808692276\",\"name\":\"Bourse du travail\",\"image\":{\"@type\":\"ImageObject\",\"inLanguage\":\"fr-FR\",\"@id\":\"https:\\\/\\\/secure.gravatar.com\\\/avatar\\\/6aaa2db7c91316f8097aa34158681e8a949b827f2fa1d6a623275606afbb879d?s=96&d=mm&r=g\",\"url\":\"https:\\\/\\\/secure.gravatar.com\\\/avatar\\\/6aaa2db7c91316f8097aa34158681e8a949b827f2fa1d6a623275606afbb879d?s=96&d=mm&r=g\",\"contentUrl\":\"https:\\\/\\\/secure.gravatar.com\\\/avatar\\\/6aaa2db7c91316f8097aa34158681e8a949b827f2fa1d6a623275606afbb879d?s=96&d=mm&r=g\",\"caption\":\"Bourse du travail\"}}]}<\/script>\n<!-- \/ Yoast SEO plugin. -->","yoast_head_json":{"title":"La F\u00eate de la Musique s\u2019invite sur le Vieux-Port de Marseille avec un concert g\u00e9ant gratuit - Le D\u00f4me de Marseille","robots":{"index":"index","follow":"follow","max-snippet":"max-snippet:-1","max-image-preview":"max-image-preview:large","max-video-preview":"max-video-preview:-1"},"canonical":"https:\/\/www.dome-marseille.com\/blog\/2025\/06\/15\/la-fete-de-la-musique-sinvite-sur-le-vieux-port-de-marseille-avec-un-concert-geant-gratuit\/","og_locale":"fr_FR","og_type":"article","og_title":"La F\u00eate de la Musique s\u2019invite sur le Vieux-Port de Marseille avec un concert g\u00e9ant gratuit - Le D\u00f4me de Marseille","og_description":"Un concert in\u00e9dit sur le Vieux-Port Samedi 21 juin 2025, la Ville de Marseille inaugurera pour la premi\u00e8re fois un grand concert gratuit sur le Vieux-Port, marquant le lancement officiel de l&rsquo;\u00c9t\u00e9 Marseillais. D\u00e8s 19 h, la sc\u00e8ne principale s\u2019installera dans un cadre embl\u00e9matique, offrant une vue spectaculaire sur le port et les fa\u00e7ades baign\u00e9es &hellip; Continuer la lecture de La F\u00eate de la Musique s\u2019invite sur le Vieux-Port de Marseille avec un concert g\u00e9ant gratuit","og_url":"https:\/\/www.dome-marseille.com\/blog\/2025\/06\/15\/la-fete-de-la-musique-sinvite-sur-le-vieux-port-de-marseille-avec-un-concert-geant-gratuit\/","og_site_name":"Le D\u00f4me de Marseille","article_publisher":"https:\/\/www.facebook.com\/boursedutravail","article_published_time":"2025-06-15T05:25:05+00:00","article_modified_time":"2025-06-15T05:46:14+00:00","og_image":[{"width":1920,"height":1280,"url":"https:\/\/www.dome-marseille.com\/blog\/wp-content\/uploads\/2025\/06\/marseille-7352728_1920.jpg","type":"image\/jpeg"}],"author":"Bourse du travail","twitter_card":"summary_large_image","twitter_misc":{"\u00c9crit par":"Bourse du travail","Dur\u00e9e de lecture estim\u00e9e":"3 minutes"},"schema":{"@context":"https:\/\/schema.org","@graph":[{"@type":"Article","@id":"https:\/\/www.dome-marseille.com\/blog\/2025\/06\/15\/la-fete-de-la-musique-sinvite-sur-le-vieux-port-de-marseille-avec-un-concert-geant-gratuit\/#article","isPartOf":{"@id":"https:\/\/www.dome-marseille.com\/blog\/2025\/06\/15\/la-fete-de-la-musique-sinvite-sur-le-vieux-port-de-marseille-avec-un-concert-geant-gratuit\/"},"author":{"name":"Bourse du travail","@id":"https:\/\/www.dome-marseille.com\/blog\/#\/schema\/person\/9926bb41184b7283fb1ed47808692276"},"headline":"La F\u00eate de la Musique s\u2019invite sur le Vieux-Port de Marseille avec un concert g\u00e9ant gratuit","datePublished":"2025-06-15T05:25:05+00:00","dateModified":"2025-06-15T05:46:14+00:00","mainEntityOfPage":{"@id":"https:\/\/www.dome-marseille.com\/blog\/2025\/06\/15\/la-fete-de-la-musique-sinvite-sur-le-vieux-port-de-marseille-avec-un-concert-geant-gratuit\/"},"wordCount":473,"commentCount":0,"publisher":{"@id":"https:\/\/www.dome-marseille.com\/blog\/#organization"},"image":{"@id":"https:\/\/www.dome-marseille.com\/blog\/2025\/06\/15\/la-fete-de-la-musique-sinvite-sur-le-vieux-port-de-marseille-avec-un-concert-geant-gratuit\/#primaryimage"},"thumbnailUrl":"https:\/\/www.dome-marseille.com\/blog\/wp-content\/uploads\/2025\/06\/marseille-7352728_1920.jpg","articleSection":["Marseille"],"inLanguage":"fr-FR","potentialAction":[{"@type":"CommentAction","name":"Comment","target":["https:\/\/www.dome-marseille.com\/blog\/2025\/06\/15\/la-fete-de-la-musique-sinvite-sur-le-vieux-port-de-marseille-avec-un-concert-geant-gratuit\/#respond"]}]},{"@type":"WebPage","@id":"https:\/\/www.dome-marseille.com\/blog\/2025\/06\/15\/la-fete-de-la-musique-sinvite-sur-le-vieux-port-de-marseille-avec-un-concert-geant-gratuit\/","url":"https:\/\/www.dome-marseille.com\/blog\/2025\/06\/15\/la-fete-de-la-musique-sinvite-sur-le-vieux-port-de-marseille-avec-un-concert-geant-gratuit\/","name":"La F\u00eate de la Musique s\u2019invite sur le Vieux-Port de Marseille avec un concert g\u00e9ant gratuit - Le D\u00f4me de Marseille","isPartOf":{"@id":"https:\/\/www.dome-marseille.com\/blog\/#website"},"primaryImageOfPage":{"@id":"https:\/\/www.dome-marseille.com\/blog\/2025\/06\/15\/la-fete-de-la-musique-sinvite-sur-le-vieux-port-de-marseille-avec-un-concert-geant-gratuit\/#primaryimage"},"image":{"@id":"https:\/\/www.dome-marseille.com\/blog\/2025\/06\/15\/la-fete-de-la-musique-sinvite-sur-le-vieux-port-de-marseille-avec-un-concert-geant-gratuit\/#primaryimage"},"thumbnailUrl":"https:\/\/www.dome-marseille.com\/blog\/wp-content\/uploads\/2025\/06\/marseille-7352728_1920.jpg","datePublished":"2025-06-15T05:25:05+00:00","dateModified":"2025-06-15T05:46:14+00:00","breadcrumb":{"@id":"https:\/\/www.dome-marseille.com\/blog\/2025\/06\/15\/la-fete-de-la-musique-sinvite-sur-le-vieux-port-de-marseille-avec-un-concert-geant-gratuit\/#breadcrumb"},"inLanguage":"fr-FR","potentialAction":[{"@type":"ReadAction","target":["https:\/\/www.dome-marseille.com\/blog\/2025\/06\/15\/la-fete-de-la-musique-sinvite-sur-le-vieux-port-de-marseille-avec-un-concert-geant-gratuit\/"]}]},{"@type":"ImageObject","inLanguage":"fr-FR","@id":"https:\/\/www.dome-marseille.com\/blog\/2025\/06\/15\/la-fete-de-la-musique-sinvite-sur-le-vieux-port-de-marseille-avec-un-concert-geant-gratuit\/#primaryimage","url":"https:\/\/www.dome-marseille.com\/blog\/wp-content\/uploads\/2025\/06\/marseille-7352728_1920.jpg","contentUrl":"https:\/\/www.dome-marseille.com\/blog\/wp-content\/uploads\/2025\/06\/marseille-7352728_1920.jpg","width":1920,"height":1280},{"@type":"BreadcrumbList","@id":"https:\/\/www.dome-marseille.com\/blog\/2025\/06\/15\/la-fete-de-la-musique-sinvite-sur-le-vieux-port-de-marseille-avec-un-concert-geant-gratuit\/#breadcrumb","itemListElement":[{"@type":"ListItem","position":1,"name":"Accueil","item":"https:\/\/www.dome-marseille.com\/blog\/"},{"@type":"ListItem","position":2,"name":"La F\u00eate de la Musique s\u2019invite sur le Vieux-Port de Marseille avec un concert g\u00e9ant gratuit"}]},{"@type":"WebSite","@id":"https:\/\/www.dome-marseille.com\/blog\/#website","url":"https:\/\/www.dome-marseille.com\/blog\/","name":"Bourse du travail","description":"Le blog Concerts et Musiques","publisher":{"@id":"https:\/\/www.dome-marseille.com\/blog\/#organization"},"potentialAction":[{"@type":"SearchAction","target":{"@type":"EntryPoint","urlTemplate":"https:\/\/www.dome-marseille.com\/blog\/?s={search_term_string}"},"query-input":{"@type":"PropertyValueSpecification","valueRequired":true,"valueName":"search_term_string"}}],"inLanguage":"fr-FR"},{"@type":"Organization","@id":"https:\/\/www.dome-marseille.com\/blog\/#organization","name":"Bourse du travail","url":"https:\/\/www.dome-marseille.com\/blog\/","logo":{"@type":"ImageObject","inLanguage":"fr-FR","@id":"https:\/\/www.dome-marseille.com\/blog\/#\/schema\/logo\/image\/","url":"https:\/\/www.bourse-du-travail.com\/blog\/wp-content\/uploads\/2017\/04\/cropped-bourse-du-travail-2.jpg","contentUrl":"https:\/\/www.bourse-du-travail.com\/blog\/wp-content\/uploads\/2017\/04\/cropped-bourse-du-travail-2.jpg","width":248,"height":248,"caption":"Bourse du travail"},"image":{"@id":"https:\/\/www.dome-marseille.com\/blog\/#\/schema\/logo\/image\/"},"sameAs":["https:\/\/www.facebook.com\/boursedutravail"]},{"@type":"Person","@id":"https:\/\/www.dome-marseille.com\/blog\/#\/schema\/person\/9926bb41184b7283fb1ed47808692276","name":"Bourse du travail","image":{"@type":"ImageObject","inLanguage":"fr-FR","@id":"https:\/\/secure.gravatar.com\/avatar\/6aaa2db7c91316f8097aa34158681e8a949b827f2fa1d6a623275606afbb879d?s=96&d=mm&r=g","url":"https:\/\/secure.gravatar.com\/avatar\/6aaa2db7c91316f8097aa34158681e8a949b827f2fa1d6a623275606afbb879d?s=96&d=mm&r=g","contentUrl":"https:\/\/secure.gravatar.com\/avatar\/6aaa2db7c91316f8097aa34158681e8a949b827f2fa1d6a623275606afbb879d?s=96&d=mm&r=g","caption":"Bourse du travail"}}]}},"_links":{"self":[{"href":"https:\/\/www.dome-marseille.com\/blog\/wp-json\/wp\/v2\/posts\/152","targetHints":{"allow":["GET"]}}],"collection":[{"href":"https:\/\/www.dome-marseille.com\/blog\/wp-json\/wp\/v2\/posts"}],"about":[{"href":"https:\/\/www.dome-marseille.com\/blog\/wp-json\/wp\/v2\/types\/post"}],"author":[{"embeddable":true,"href":"https:\/\/www.dome-marseille.com\/blog\/wp-json\/wp\/v2\/users\/1"}],"replies":[{"embeddable":true,"href":"https:\/\/www.dome-marseille.com\/blog\/wp-json\/wp\/v2\/comments?post=152"}],"version-history":[{"count":1,"href":"https:\/\/www.dome-marseille.com\/blog\/wp-json\/wp\/v2\/posts\/152\/revisions"}],"predecessor-version":[{"id":154,"href":"https:\/\/www.dome-marseille.com\/blog\/wp-json\/wp\/v2\/posts\/152\/revisions\/154"}],"wp:featuredmedia":[{"embeddable":true,"href":"https:\/\/www.dome-marseille.com\/blog\/wp-json\/wp\/v2\/media\/153"}],"wp:attachment":[{"href":"https:\/\/www.dome-marseille.com\/blog\/wp-json\/wp\/v2\/media?parent=152"}],"wp:term":[{"taxonomy":"category","embeddable":true,"href":"https:\/\/www.dome-marseille.com\/blog\/wp-json\/wp\/v2\/categories?post=152"},{"taxonomy":"post_tag","embeddable":true,"href":"https:\/\/www.dome-marseille.com\/blog\/wp-json\/wp\/v2\/tags?post=152"}],"curies":[{"name":"wp","href":"https:\/\/api.w.org\/{rel}","templated":true}]}}